{"id":4512,"date":"2026-04-01T13:33:25","date_gmt":"2026-04-01T13:33:25","guid":{"rendered":"https:\/\/lausitziade.de\/?p=4512"},"modified":"2026-04-01T14:36:50","modified_gmt":"2026-04-01T14:36:50","slug":"basnie-ludzie-mentalnosci-historie-dla-luzyc-jutra","status":"publish","type":"post","link":"https:\/\/lausitziade.de\/pl\/maerchen-menschen-mentalitaeten-geschichten-fuer-eine-lausitz-von-morgen\/","title":{"rendered":"Bajki, ludzie, mentalno\u015bci \u2013 opowie\u015bci dla \u0141u\u017cyc jutra"},"content":{"rendered":"<div data-elementor-type=\"wp-post\" data-elementor-id=\"4512\" class=\"elementor elementor-4512\" data-elementor-post-type=\"post\">\n\t\t\t\t<div data-particle_enable=\"false\" data-particle-mobile-disabled=\"false\" class=\"elementor-element elementor-element-8f687b8 e-flex e-con-boxed e-con e-parent\" data-id=\"8f687b8\" data-element_type=\"container\" data-e-type=\"container\">\n\t\t\t\t\t<div class=\"e-con-inner\">\n\t\t\t\t<div class=\"elementor-element elementor-element-8509fd0 elementor-widget elementor-widget-text-editor\" data-id=\"8509fd0\" data-element_type=\"widget\" data-e-type=\"widget\" data-widget_type=\"text-editor.default\">\n\t\t\t\t\t\t\t\t\t<p><strong>Warsztaty opowiadania w ramach akcji \u201eM\u00f3j interes jest taki, jak go pojmuj\u0119 2026\u201c<br \/><\/strong><br \/><strong>Masz ochot\u0119 opowiedzie\u0107 histori\u0119?<\/strong> Kiedy\u015b \u0141u\u017cyce by\u0142y pe\u0142ne takich stworze\u0144. Ludzie opowiadali sobie o wodnikach, lutkach, P\u015bezpo\u0142dnicy, a niekt\u00f3rzy mieli nawet smoka szcz\u0119\u015bcia na strychu. Potem zmieni\u0142 si\u0119 \u015bwiat. Kopalnie odkrywkowe poch\u0142ania\u0142y wioski, niekt\u00f3re historie ucich\u0142y, a pojawi\u0142y si\u0119 nowe. Ale kto je dzi\u015b opowiada?<\/p><p><strong>W\u0142a\u015bnie tego chcemy si\u0119 dowiedzie\u0107!<\/strong> Przez trzy weekendy zanurzymy si\u0119 w sztuce swobodnego opowiadania i po\u0142\u0105czymy bajki, mity i legendy Dolnych \u0141u\u017cyc z osobistymi do\u015bwiadczeniami, anegdotami i perspektywami na przysz\u0142o\u015b\u0107.<\/p><p>Opowiadamy na <strong>Niemiecki, \u0142u\u017cycki\/wenedzki, angielski z j\u0119zykiem migowym lub w zupe\u0142nie innych j\u0119zykach.<\/strong> Dolne \u0141u\u017cyce brzmi\u0105 r\u00f3\u017cnorodnie i w\u0142a\u015bnie to chcemy ud\u017awi\u0119kowi\u0107.<\/p><p>W lipcu nasze historie stan\u0105 si\u0119 cz\u0119\u015bci\u0105 programu <strong>\u201eMoja sprawa polega na tym, JAK je z\u0142api\u0119 w 2026 roku.\u201c<\/strong> \u2013 na scenie, czy te\u017c na naszym jarmarku mo\u017cliwo\u015bci.<\/p><p><strong>A najlepsze?<\/strong> Do udzia\u0142u nie s\u0105 wymagane \u017cadne wcze\u015bniejsze umiej\u0119tno\u015bci. Potrzebna jest tylko ch\u0119\u0107 do poznawania dobrych historii i ciekawo\u015b\u0107 tego, co nadejdzie.<\/p><p>Tutaj id\u017a do <a href=\"https:\/\/lausitziade.de\/pl\/moja-sprawa\/#anmeldung\"><strong>Formularz rejestracyjny.<\/strong><\/a><\/p><p>Hier den <strong><a href=\"https:\/\/lausitziade.de\/wp-content\/uploads\/2026\/04\/Erzaehlwerkstatt_MEINESACHE2026_Flyer_v01.pdf\">Pobierz ulotk\u0119<\/a><\/strong><\/p>\t\t\t\t\t\t\t\t<\/div>\n\t\t\t\t\t<\/div>\n\t\t\t\t<\/div>\n\t\t\t\t<\/div>","protected":false},"excerpt":{"rendered":"<p>Bajki, ludzie, mentalno\u015bci \u2013 opowie\u015bci dla \u0141u\u017cyc jutra<br \/>\nWarsztaty opowiadania w ramach projektu \u201eMoja sprawa TO, JAK JA ICH \u0141API\u0118 2026\u201c. Masz ochot\u0119 opowiedzie\u0107 (s)woj\u0105 histori\u0119? Kiedy\u015b \u0141u\u017cyce by\u0142y nimi pe\u0142ne. Ludzie<br \/>\nOpowiadali sobie o mermach, Lutkach, P\u015bezpo\u0142dnicy, a niekt\u00f3rzy mieli nawet na strychu smoka szcz\u0119\u015bcia. Potem \u015bwiat si\u0119 zmieni\u0142. Kopalnie odkrywkowe po\u017cera\u0142y wioski, niekt\u00f3re opowie\u015bci zamilk\u0142y, a pojawi\u0142y si\u0119 nowe. Ale kto je dzi\u015b opowiada? W\u0142a\u015bnie tego chcemy si\u0119 dowiedzie\u0107! W ci\u0105gu trzech weekend\u00f3w zanurzymy si\u0119 w sztuce swobodnego opowiadania ustnego i po\u0142\u0105czymy bajki, mity i legendy Dolnych \u0141u\u017cyc z do\u015bwiadczeniami biograficznymi, anegdotami i perspektywami jutra. Opowiadamy historie w j\u0119zyku niemieckim, serbo\u0142u\u017cyckim\/wendyjskim, angielskim z j\u0119zykiem migowym lub w zupe\u0142nie innych j\u0119zykach. Dolne \u0141u\u017cyce brzmi\u0105 r\u00f3\u017cnorodnie i w\u0142a\u015bnie to chcemy uczyni\u0107 s\u0142yszalnym. W lipcu nasze historie b\u0119d\u0105 cz\u0119\u015bci\u0105 programu \u201eMeine Sache ist WIE ich sie fange 2026\u201c - na scenie lub na naszym jarmarku mo\u017cliwo\u015bci. A co najlepsze? Do wzi\u0119cia udzia\u0142u nie jest wymagana wcze\u015bniejsza wiedza. Wystarczy apetyt na dobre historie i ciekawo\u015b\u0107 tego, co nadejdzie. Zarejestruj si\u0119 tutaj.<\/p>","protected":false},"author":1,"featured_media":4513,"comment_status":"closed","ping_status":"closed","sticky":false,"template":"","format":"standard","meta":{"footnotes":""},"categories":[1,13],"tags":[22],"class_list":["post-4512","post","type-post","status-publish","format-standard","has-post-thumbnail","hentry","category-lausitziade","category-mein-sache","tag-meine-sache-ist-wie-ich-sie-fange"],"_links":{"self":[{"href":"https:\/\/lausitziade.de\/pl\/wp-json\/wp\/v2\/posts\/4512","targetHints":{"allow":["GET"]}}],"collection":[{"href":"https:\/\/lausitziade.de\/pl\/wp-json\/wp\/v2\/posts"}],"about":[{"href":"https:\/\/lausitziade.de\/pl\/wp-json\/wp\/v2\/types\/post"}],"author":[{"embeddable":true,"href":"https:\/\/lausitziade.de\/pl\/wp-json\/wp\/v2\/users\/1"}],"replies":[{"embeddable":true,"href":"https:\/\/lausitziade.de\/pl\/wp-json\/wp\/v2\/comments?post=4512"}],"version-history":[{"count":34,"href":"https:\/\/lausitziade.de\/pl\/wp-json\/wp\/v2\/posts\/4512\/revisions"}],"predecessor-version":[{"id":4570,"href":"https:\/\/lausitziade.de\/pl\/wp-json\/wp\/v2\/posts\/4512\/revisions\/4570"}],"wp:featuredmedia":[{"embeddable":true,"href":"https:\/\/lausitziade.de\/pl\/wp-json\/wp\/v2\/media\/4513"}],"wp:attachment":[{"href":"https:\/\/lausitziade.de\/pl\/wp-json\/wp\/v2\/media?parent=4512"}],"wp:term":[{"taxonomy":"category","embeddable":true,"href":"https:\/\/lausitziade.de\/pl\/wp-json\/wp\/v2\/categories?post=4512"},{"taxonomy":"post_tag","embeddable":true,"href":"https:\/\/lausitziade.de\/pl\/wp-json\/wp\/v2\/tags?post=4512"}],"curies":[{"name":"wp","href":"https:\/\/api.w.org\/{rel}","templated":true}]}}