{"id":3735,"date":"2026-01-18T15:00:03","date_gmt":"2026-01-18T15:00:03","guid":{"rendered":"https:\/\/lausitziade.de\/?p=3735"},"modified":"2026-04-01T12:44:22","modified_gmt":"2026-04-01T12:44:22","slug":"pierwsze-spotkania-zespolu-w-sprawie-mojej-sprawy-2026","status":"publish","type":"post","link":"https:\/\/lausitziade.de\/pl\/die-ersten-teamtreffen-fuer-meine-sache-2026\/","title":{"rendered":"Pierwsze spotkania zespo\u0142owe akcji \u201eMoja Sprawa\u201c 2026"},"content":{"rendered":"<div data-elementor-type=\"wp-post\" data-elementor-id=\"3735\" class=\"elementor elementor-3735\" data-elementor-post-type=\"post\">\n\t\t\t\t<div data-particle_enable=\"false\" data-particle-mobile-disabled=\"false\" class=\"elementor-element elementor-element-dfe4a52 e-flex e-con-boxed e-con e-parent\" data-id=\"dfe4a52\" data-element_type=\"container\" data-e-type=\"container\">\n\t\t\t\t\t<div class=\"e-con-inner\">\n\t\t\t\t<div class=\"elementor-element elementor-element-aa045c4 elementor-widget elementor-widget-text-editor\" data-id=\"aa045c4\" data-element_type=\"widget\" data-e-type=\"widget\" data-widget_type=\"text-editor.default\">\n\t\t\t\t\t\t\t\t\t<p>R\u00f3wnie\u017c w przypadku drugiego sezonu naszego wielkiego projektu teatralnego \u201eMoja sprawa jest TAKA, jak j\u0105 pojmuj\u0119\u201c przygotowania id\u0105 pe\u0142n\u0105 par\u0105. Pierwsze spotkanie dla zainteresowanych odby\u0142o si\u0119 6 lutego w biurze kultury przy ulicy Katharineng\u00e4\u00dfchen, TUTAJ znajdziecie kilka zdj\u0119\u0107 z tego wydarzenia. Chcecie r\u00f3wnie\u017c wzi\u0105\u0107 udzia\u0142? W takim razie zapraszamy do kontaktu z <a href=\"mailto:meinesache@lausitziade.de\" target=\"_blank\" rel=\"noopener\">meinesache@lausitziade.de<\/a><\/p>\t\t\t\t\t\t\t\t<\/div>\n\t\t\t\t\t<\/div>\n\t\t\t\t<\/div>\n\t\t\t\t<\/div>","protected":false},"excerpt":{"rendered":"<p>Przygotowania do drugiego sezonu naszego wielkiego projektu teatralnego \u201eMoja sprawa jest taka, jak j\u0105 pojmuj\u0119\u201c wr\u0105 w najlepsze. Pierwsze spotkanie dla zainteresowanych odby\u0142o si\u0119 6 lutego w biurze kultury przy Katharineng\u00e4\u00dfchen, TUTAJ znajd\u0105 Pa\u0144stwo kilka wra\u017ce\u0144 z tego wydarzenia. Chcieliby Pa\u0144stwo r\u00f3wnie\u017c wzi\u0105\u0107 udzia\u0142? Prosimy o kontakt mailowy: meinesacheistwieichsiefange@gmail.com <\/p>","protected":false},"author":1,"featured_media":3111,"comment_status":"closed","ping_status":"closed","sticky":false,"template":"","format":"standard","meta":{"footnotes":""},"categories":[1,13],"tags":[19,22,24,23],"class_list":["post-3735","post","type-post","status-publish","format-standard","has-post-thumbnail","hentry","category-lausitziade","category-mein-sache","tag-lausitziade","tag-meine-sache-ist-wie-ich-sie-fange","tag-mitmachen","tag-theater"],"_links":{"self":[{"href":"https:\/\/lausitziade.de\/pl\/wp-json\/wp\/v2\/posts\/3735","targetHints":{"allow":["GET"]}}],"collection":[{"href":"https:\/\/lausitziade.de\/pl\/wp-json\/wp\/v2\/posts"}],"about":[{"href":"https:\/\/lausitziade.de\/pl\/wp-json\/wp\/v2\/types\/post"}],"author":[{"embeddable":true,"href":"https:\/\/lausitziade.de\/pl\/wp-json\/wp\/v2\/users\/1"}],"replies":[{"embeddable":true,"href":"https:\/\/lausitziade.de\/pl\/wp-json\/wp\/v2\/comments?post=3735"}],"version-history":[{"count":10,"href":"https:\/\/lausitziade.de\/pl\/wp-json\/wp\/v2\/posts\/3735\/revisions"}],"predecessor-version":[{"id":4511,"href":"https:\/\/lausitziade.de\/pl\/wp-json\/wp\/v2\/posts\/3735\/revisions\/4511"}],"wp:featuredmedia":[{"embeddable":true,"href":"https:\/\/lausitziade.de\/pl\/wp-json\/wp\/v2\/media\/3111"}],"wp:attachment":[{"href":"https:\/\/lausitziade.de\/pl\/wp-json\/wp\/v2\/media?parent=3735"}],"wp:term":[{"taxonomy":"category","embeddable":true,"href":"https:\/\/lausitziade.de\/pl\/wp-json\/wp\/v2\/categories?post=3735"},{"taxonomy":"post_tag","embeddable":true,"href":"https:\/\/lausitziade.de\/pl\/wp-json\/wp\/v2\/tags?post=3735"}],"curies":[{"name":"wp","href":"https:\/\/api.w.org\/{rel}","templated":true}]}}